{"id":1487,"date":"2026-08-25T11:12:53","date_gmt":"2026-08-25T09:12:53","guid":{"rendered":"https:\/\/www.wallscar.es\/blog\/?p=1487"},"modified":"2026-08-25T12:04:59","modified_gmt":"2026-08-25T10:04:59","slug":"top-ventas-geely-e2-aterriza-nuestro-mercado","status":"publish","type":"post","link":"https:\/\/www.wallscar.es\/blog\/top-ventas-geely-e2-aterriza-nuestro-mercado\/","title":{"rendered":"El top ventas Geely E2 aterriza en nuestro mercado"},"content":{"rendered":"<p>Cuando un <strong>coche<\/strong> vende casi <strong>466.000 unidades<\/strong> en un solo a\u00f1o en el mercado m\u00e1s grande del mundo, merece que le prestemos atenci\u00f3n. El <strong>Geely E2<\/strong> fue el <strong>turismo m\u00e1s vendido de China en 2025<\/strong> y ahora prepara su desembarco en Espa\u00f1a. Los primeros <strong>veh\u00edculos<\/strong> llegar\u00e1n a los concesionarios con una tarifa de lanzamiento desde <strong>13.990\u20ac aplicando el <a href=\"https:\/\/www.mintur.gob.es\/es-es\/programa-auto\/Paginas\/default.aspx\">Plan Auto+<\/a><\/strong> y descuentos comerciales. En el segmento de los <strong>coches el\u00e9ctricos<\/strong> compactos, es un argumento que cambia todas las reglas. Te ampliamos la informaci\u00f3n desde <a href=\"https:\/\/www.wallscar.es\/\"><strong>Wallscar Multimarca<\/strong><\/a>.<\/p>\n<h2>\u00bfQui\u00e9n es Geely y por qu\u00e9 su llegada a Espa\u00f1a importa tanto?<\/h2>\n<p><strong>Geely<\/strong> no es cualquier marca china. Es el grupo propietario de <strong><a href=\"https:\/\/www.ankaramotor.es\/\">Volvo<\/a>, <a href=\"https:\/\/www.wallscar.es\/blog\/lynk-co-marca-ideal-saltar-hibrido-enchufable\/\">Lynk &amp; Co<\/a>, Polestar y Zeekr<\/strong>, entre otros. Cuando dicen que el <strong>E2<\/strong> llega bien desarrollado, no es marketing, es el respaldo de una empresa que lleva d\u00e9cadas fabricando veh\u00edculos para todo el mundo y que ha invertido masivamente en tecnolog\u00eda el\u00e9ctrica. La plataforma sobre la que se asienta el E2, la <strong>GEA (Global new Energy Architecture)<\/strong>, es la misma que usan otros modelos del grupo en Europa. No es una plataforma improvisada para el mercado europeo, es tecnolog\u00eda probada a escala global.<\/p>\n<h3>Geely E2: 345 kil\u00f3metros de autonom\u00eda WLTP, 375 litros de maletero y 70 litros de frunk<\/h3>\n<p>El E2 es un <strong>hatchback<\/strong> de cinco puertas con <strong>4,135 metros de longitud y 2,65 metros de batalla<\/strong>, situ\u00e1ndose en el coraz\u00f3n del <strong>segmento B<\/strong>. La versi\u00f3n europea llevar\u00e1 bater\u00eda de tipo LFP de 39,4 kWh con una autonom\u00eda de hasta <strong>345 kil\u00f3metros WLTP<\/strong> y carga r\u00e1pida de 70 kW en CC, que permite pasar <strong>del 30% al 80% en 25 minutos<\/strong>. El maletero ofrece <strong>375 litros m\u00e1s 70 litros de frunk delantero<\/strong>, una capacidad total que supera a casi todos sus rivales europeos del segmento.<\/p>\n<p>Lo que m\u00e1s sorprende del E2 al leer su ficha es el nivel tecnol\u00f3gico que ofrece a este precio. <strong>La pantalla t\u00e1ctil central mide 14,6 pulgadas<\/strong> y corre sobre el sistema <strong>Geely Flyme Auto<\/strong>, el mismo ecosistema de infoentretenimiento que equipa a otros modelos premium del grupo. Conectividad inal\u00e1mbrica, navegador y asistentes de conducci\u00f3n llegan de serie desde el primer nivel de equipamiento. Para ponerlo en perspectiva: un <strong>Renault 5<\/strong> el\u00e9ctrico equivalente cuesta entre 5.000\u20ac y 7.000\u20ac m\u00e1s.<\/p>\n<h4>El precio real: 13.990\u20ac con ayudas, 20.280\u20ac al contado<\/h4>\n<p>Aqu\u00ed es donde hay que leer con atenci\u00f3n. Los 13.990\u20ac de lanzamiento incluyen descuentos comerciales, financiaci\u00f3n y el adelanto de 3.375\u20ac del Plan Auto+. Sin promociones, <strong>el precio al contado es de 20.280\u20ac<\/strong>. Sigue siendo competitivo, pero es importante conocer ambas cifras antes de decidir. La red de distribuci\u00f3n de Geely en Espa\u00f1a ya est\u00e1 preparada para <strong>atender reservas<\/strong>, previo dep\u00f3sito de 500\u20ac.<\/p>\n<p>El Geely E2 llega en el momento justo: el Plan Auto+ activo, la <strong>demanda de el\u00e9ctricos creciendo a doble d\u00edgito<\/strong> y una oferta compacta que hasta ahora ten\u00eda pocas opciones por debajo de los 20.000\u20ac reales. Con 345 kil\u00f3metros de autonom\u00eda WLTP, maletero generoso, <strong>pantalla de 14,6 pulgadas<\/strong> y el respaldo del grupo que fabrica <strong>Volvo<\/strong>, el E2 tiene todos los ingredientes para convertirse en uno de los <a href=\"https:\/\/www.wallscar.es\/blog\/noruega-consigue-ventas-coches-electricos\/\">el\u00e9ctricos<\/a> m\u00e1s vendidos de Espa\u00f1a en 2027. La prueba real llegar\u00e1 en breve.<\/p>\n","protected":false},"excerpt":{"rendered":"<p>Cuando un coche vende casi 466.000 unidades en un solo a\u00f1o en el mercado m\u00e1s grande del mundo, merece que le prestemos atenci\u00f3n. El Geely E2 fue el turismo m\u00e1s vendido de China en 2025 y ahora prepara su desembarco en Espa\u00f1a. Los primeros veh\u00edculos llegar\u00e1n a los concesionarios con una tarifa de lanzamiento desde [&hellip;]<\/p>\n","protected":false},"author":2,"featured_media":1489,"comment_status":"open","ping_status":"open","sticky":false,"template":"","format":"standard","meta":{"_et_pb_use_builder":"","_et_pb_old_content":"","_et_gb_content_width":""},"categories":[55,124,92,451,1],"tags":[12,42,452,491],"yoast_head":"<!-- This site is optimized with the Yoast SEO plugin v19.3 - https:\/\/yoast.com\/wordpress\/plugins\/seo\/ -->\n<title>El top ventas Geely E2 aterriza en nuestro mercado<\/title>\n<meta name=\"description\" content=\"Con 466.000 unidades vendidas, es uno de los top ventas de China. Ahora, el Geely E2 se prepara para aterrizar en Espa\u00f1a.\" \/>\n<meta name=\"robots\" content=\"index, follow, max-snippet:-1, max-image-preview:large, max-video-preview:-1\" \/>\n<link rel=\"canonical\" href=\"https:\/\/www.wallscar.es\/blog\/top-ventas-geely-e2-aterriza-nuestro-mercado\/\" \/>\n<meta property=\"og:locale\" content=\"es_ES\" \/>\n<meta property=\"og:type\" content=\"article\" \/>\n<meta property=\"og:title\" content=\"El top ventas Geely E2 aterriza en nuestro mercado\" \/>\n<meta property=\"og:description\" content=\"Con 466.000 unidades vendidas, es uno de los top ventas de China. Ahora, el Geely E2 se prepara para aterrizar en Espa\u00f1a.\" \/>\n<meta property=\"og:url\" content=\"https:\/\/www.wallscar.es\/blog\/top-ventas-geely-e2-aterriza-nuestro-mercado\/\" \/>\n<meta property=\"og:site_name\" content=\"Blog de Wallscar | Descubre todo aqu\u00ed\" \/>\n<meta property=\"article:publisher\" content=\"https:\/\/www.facebook.com\/GrupoParedesAutomocion\/\" \/>\n<meta property=\"article:published_time\" content=\"2026-08-25T09:12:53+00:00\" \/>\n<meta property=\"article:modified_time\" content=\"2026-08-25T10:04:59+00:00\" \/>\n<meta property=\"og:image\" content=\"https:\/\/www.wallscar.es\/blog\/wp-content\/uploads\/2026\/08\/El-top-ventas-Geely-E2-aterriza-en-nuestro-mercado.png\" \/>\n\t<meta property=\"og:image:width\" content=\"1080\" \/>\n\t<meta property=\"og:image:height\" content=\"1080\" \/>\n\t<meta property=\"og:image:type\" content=\"image\/png\" \/>\n<meta name=\"author\" content=\"Ismael\" \/>\n<meta name=\"twitter:card\" content=\"summary_large_image\" \/>\n<meta name=\"twitter:label1\" content=\"Escrito por\" \/>\n\t<meta name=\"twitter:data1\" content=\"Ismael\" \/>\n\t<meta name=\"twitter:label2\" content=\"Tiempo de lectura\" \/>\n\t<meta name=\"twitter:data2\" content=\"3 minutos\" \/>\n<script type=\"application\/ld+json\" class=\"yoast-schema-graph\">{\"@context\":\"https:\/\/schema.org\",\"@graph\":[{\"@type\":\"Organization\",\"@id\":\"https:\/\/www.wallscar.es\/blog\/#organization\",\"name\":\"Wallscar\",\"url\":\"https:\/\/www.wallscar.es\/blog\/\",\"sameAs\":[\"https:\/\/www.instagram.com\/wallscarocasion\",\"https:\/\/es.linkedin.com\/company\/grupo-paredes-automocion\",\"https:\/\/www.facebook.com\/GrupoParedesAutomocion\/\"],\"logo\":{\"@type\":\"ImageObject\",\"inLanguage\":\"es\",\"@id\":\"https:\/\/www.wallscar.es\/blog\/#\/schema\/logo\/image\/\",\"url\":\"https:\/\/www.wallscar.es\/blog\/wp-content\/uploads\/2021\/01\/wallscar_logotipo.jpg\",\"contentUrl\":\"https:\/\/www.wallscar.es\/blog\/wp-content\/uploads\/2021\/01\/wallscar_logotipo.jpg\",\"width\":320,\"height\":89,\"caption\":\"Wallscar\"},\"image\":{\"@id\":\"https:\/\/www.wallscar.es\/blog\/#\/schema\/logo\/image\/\"}},{\"@type\":\"WebSite\",\"@id\":\"https:\/\/www.wallscar.es\/blog\/#website\",\"url\":\"https:\/\/www.wallscar.es\/blog\/\",\"name\":\"Blog de Wallscar | Descubre todo aqu\u00ed\",\"description\":\"Encuentra toda la informaci\u00f3n de noticias, art\u00edculos y novedades del sector en un mismo lugar.\",\"publisher\":{\"@id\":\"https:\/\/www.wallscar.es\/blog\/#organization\"},\"potentialAction\":[{\"@type\":\"SearchAction\",\"target\":{\"@type\":\"EntryPoint\",\"urlTemplate\":\"https:\/\/www.wallscar.es\/blog\/?s={search_term_string}\"},\"query-input\":\"required name=search_term_string\"}],\"inLanguage\":\"es\"},{\"@type\":\"ImageObject\",\"inLanguage\":\"es\",\"@id\":\"https:\/\/www.wallscar.es\/blog\/top-ventas-geely-e2-aterriza-nuestro-mercado\/#primaryimage\",\"url\":\"https:\/\/www.wallscar.es\/blog\/wp-content\/uploads\/2026\/08\/El-top-ventas-Geely-E2-aterriza-en-nuestro-mercado.png\",\"contentUrl\":\"https:\/\/www.wallscar.es\/blog\/wp-content\/uploads\/2026\/08\/El-top-ventas-Geely-E2-aterriza-en-nuestro-mercado.png\",\"width\":1080,\"height\":1080,\"caption\":\"El top ventas Geely E2 aterriza en nuestro mercado\"},{\"@type\":\"WebPage\",\"@id\":\"https:\/\/www.wallscar.es\/blog\/top-ventas-geely-e2-aterriza-nuestro-mercado\/\",\"url\":\"https:\/\/www.wallscar.es\/blog\/top-ventas-geely-e2-aterriza-nuestro-mercado\/\",\"name\":\"El top ventas Geely E2 aterriza en nuestro mercado\",\"isPartOf\":{\"@id\":\"https:\/\/www.wallscar.es\/blog\/#website\"},\"primaryImageOfPage\":{\"@id\":\"https:\/\/www.wallscar.es\/blog\/top-ventas-geely-e2-aterriza-nuestro-mercado\/#primaryimage\"},\"datePublished\":\"2026-08-25T09:12:53+00:00\",\"dateModified\":\"2026-08-25T10:04:59+00:00\",\"description\":\"Con 466.000 unidades vendidas, es uno de los top ventas de China. Ahora, el Geely E2 se prepara para aterrizar en Espa\u00f1a.\",\"breadcrumb\":{\"@id\":\"https:\/\/www.wallscar.es\/blog\/top-ventas-geely-e2-aterriza-nuestro-mercado\/#breadcrumb\"},\"inLanguage\":\"es\",\"potentialAction\":[{\"@type\":\"ReadAction\",\"target\":[\"https:\/\/www.wallscar.es\/blog\/top-ventas-geely-e2-aterriza-nuestro-mercado\/\"]}]},{\"@type\":\"BreadcrumbList\",\"@id\":\"https:\/\/www.wallscar.es\/blog\/top-ventas-geely-e2-aterriza-nuestro-mercado\/#breadcrumb\",\"itemListElement\":[{\"@type\":\"ListItem\",\"position\":1,\"name\":\"Portada\",\"item\":\"https:\/\/www.wallscar.es\/blog\/\"},{\"@type\":\"ListItem\",\"position\":2,\"name\":\"El top ventas Geely E2 aterriza en nuestro mercado\"}]},{\"@type\":\"Article\",\"@id\":\"https:\/\/www.wallscar.es\/blog\/top-ventas-geely-e2-aterriza-nuestro-mercado\/#article\",\"isPartOf\":{\"@id\":\"https:\/\/www.wallscar.es\/blog\/top-ventas-geely-e2-aterriza-nuestro-mercado\/\"},\"author\":{\"name\":\"Ismael\",\"@id\":\"https:\/\/www.wallscar.es\/blog\/#\/schema\/person\/80e2bb7864431f1aad1933361a6fc018\"},\"headline\":\"El top ventas Geely E2 aterriza en nuestro mercado\",\"datePublished\":\"2026-08-25T09:12:53+00:00\",\"dateModified\":\"2026-08-25T10:04:59+00:00\",\"mainEntityOfPage\":{\"@id\":\"https:\/\/www.wallscar.es\/blog\/top-ventas-geely-e2-aterriza-nuestro-mercado\/\"},\"wordCount\":551,\"commentCount\":0,\"publisher\":{\"@id\":\"https:\/\/www.wallscar.es\/blog\/#organization\"},\"image\":{\"@id\":\"https:\/\/www.wallscar.es\/blog\/top-ventas-geely-e2-aterriza-nuestro-mercado\/#primaryimage\"},\"thumbnailUrl\":\"https:\/\/www.wallscar.es\/blog\/wp-content\/uploads\/2026\/08\/El-top-ventas-Geely-E2-aterriza-en-nuestro-mercado.png\",\"keywords\":[\"Coches\",\"Coches el\u00e9ctricos\",\"Geely\",\"Geely E2\"],\"articleSection\":[\"Coches\",\"Coches chinos\",\"Coches el\u00e9ctricos\",\"Geely\",\"Wallscar\"],\"inLanguage\":\"es\",\"potentialAction\":[{\"@type\":\"CommentAction\",\"name\":\"Comment\",\"target\":[\"https:\/\/www.wallscar.es\/blog\/top-ventas-geely-e2-aterriza-nuestro-mercado\/#respond\"]}]},{\"@type\":\"Person\",\"@id\":\"https:\/\/www.wallscar.es\/blog\/#\/schema\/person\/80e2bb7864431f1aad1933361a6fc018\",\"name\":\"Ismael\",\"image\":{\"@type\":\"ImageObject\",\"inLanguage\":\"es\",\"@id\":\"https:\/\/www.wallscar.es\/blog\/#\/schema\/person\/image\/\",\"url\":\"https:\/\/secure.gravatar.com\/avatar\/5ea9d14beba9eeb22e359c4141816aca?s=96&d=mm&r=g\",\"contentUrl\":\"https:\/\/secure.gravatar.com\/avatar\/5ea9d14beba9eeb22e359c4141816aca?s=96&d=mm&r=g\",\"caption\":\"Ismael\"}}]}<\/script>\n<!-- \/ Yoast SEO plugin. -->","yoast_head_json":{"title":"El top ventas Geely E2 aterriza en nuestro mercado","description":"Con 466.000 unidades vendidas, es uno de los top ventas de China. Ahora, el Geely E2 se prepara para aterrizar en Espa\u00f1a.","robots":{"index":"index","follow":"follow","max-snippet":"max-snippet:-1","max-image-preview":"max-image-preview:large","max-video-preview":"max-video-preview:-1"},"canonical":"https:\/\/www.wallscar.es\/blog\/top-ventas-geely-e2-aterriza-nuestro-mercado\/","og_locale":"es_ES","og_type":"article","og_title":"El top ventas Geely E2 aterriza en nuestro mercado","og_description":"Con 466.000 unidades vendidas, es uno de los top ventas de China. Ahora, el Geely E2 se prepara para aterrizar en Espa\u00f1a.","og_url":"https:\/\/www.wallscar.es\/blog\/top-ventas-geely-e2-aterriza-nuestro-mercado\/","og_site_name":"Blog de Wallscar | Descubre todo aqu\u00ed","article_publisher":"https:\/\/www.facebook.com\/GrupoParedesAutomocion\/","article_published_time":"2026-08-25T09:12:53+00:00","article_modified_time":"2026-08-25T10:04:59+00:00","og_image":[{"width":1080,"height":1080,"url":"https:\/\/www.wallscar.es\/blog\/wp-content\/uploads\/2026\/08\/El-top-ventas-Geely-E2-aterriza-en-nuestro-mercado.png","type":"image\/png"}],"author":"Ismael","twitter_card":"summary_large_image","twitter_misc":{"Escrito por":"Ismael","Tiempo de lectura":"3 minutos"},"schema":{"@context":"https:\/\/schema.org","@graph":[{"@type":"Organization","@id":"https:\/\/www.wallscar.es\/blog\/#organization","name":"Wallscar","url":"https:\/\/www.wallscar.es\/blog\/","sameAs":["https:\/\/www.instagram.com\/wallscarocasion","https:\/\/es.linkedin.com\/company\/grupo-paredes-automocion","https:\/\/www.facebook.com\/GrupoParedesAutomocion\/"],"logo":{"@type":"ImageObject","inLanguage":"es","@id":"https:\/\/www.wallscar.es\/blog\/#\/schema\/logo\/image\/","url":"https:\/\/www.wallscar.es\/blog\/wp-content\/uploads\/2021\/01\/wallscar_logotipo.jpg","contentUrl":"https:\/\/www.wallscar.es\/blog\/wp-content\/uploads\/2021\/01\/wallscar_logotipo.jpg","width":320,"height":89,"caption":"Wallscar"},"image":{"@id":"https:\/\/www.wallscar.es\/blog\/#\/schema\/logo\/image\/"}},{"@type":"WebSite","@id":"https:\/\/www.wallscar.es\/blog\/#website","url":"https:\/\/www.wallscar.es\/blog\/","name":"Blog de Wallscar | Descubre todo aqu\u00ed","description":"Encuentra toda la informaci\u00f3n de noticias, art\u00edculos y novedades del sector en un mismo lugar.","publisher":{"@id":"https:\/\/www.wallscar.es\/blog\/#organization"},"potentialAction":[{"@type":"SearchAction","target":{"@type":"EntryPoint","urlTemplate":"https:\/\/www.wallscar.es\/blog\/?s={search_term_string}"},"query-input":"required name=search_term_string"}],"inLanguage":"es"},{"@type":"ImageObject","inLanguage":"es","@id":"https:\/\/www.wallscar.es\/blog\/top-ventas-geely-e2-aterriza-nuestro-mercado\/#primaryimage","url":"https:\/\/www.wallscar.es\/blog\/wp-content\/uploads\/2026\/08\/El-top-ventas-Geely-E2-aterriza-en-nuestro-mercado.png","contentUrl":"https:\/\/www.wallscar.es\/blog\/wp-content\/uploads\/2026\/08\/El-top-ventas-Geely-E2-aterriza-en-nuestro-mercado.png","width":1080,"height":1080,"caption":"El top ventas Geely E2 aterriza en nuestro mercado"},{"@type":"WebPage","@id":"https:\/\/www.wallscar.es\/blog\/top-ventas-geely-e2-aterriza-nuestro-mercado\/","url":"https:\/\/www.wallscar.es\/blog\/top-ventas-geely-e2-aterriza-nuestro-mercado\/","name":"El top ventas Geely E2 aterriza en nuestro mercado","isPartOf":{"@id":"https:\/\/www.wallscar.es\/blog\/#website"},"primaryImageOfPage":{"@id":"https:\/\/www.wallscar.es\/blog\/top-ventas-geely-e2-aterriza-nuestro-mercado\/#primaryimage"},"datePublished":"2026-08-25T09:12:53+00:00","dateModified":"2026-08-25T10:04:59+00:00","description":"Con 466.000 unidades vendidas, es uno de los top ventas de China. Ahora, el Geely E2 se prepara para aterrizar en Espa\u00f1a.","breadcrumb":{"@id":"https:\/\/www.wallscar.es\/blog\/top-ventas-geely-e2-aterriza-nuestro-mercado\/#breadcrumb"},"inLanguage":"es","potentialAction":[{"@type":"ReadAction","target":["https:\/\/www.wallscar.es\/blog\/top-ventas-geely-e2-aterriza-nuestro-mercado\/"]}]},{"@type":"BreadcrumbList","@id":"https:\/\/www.wallscar.es\/blog\/top-ventas-geely-e2-aterriza-nuestro-mercado\/#breadcrumb","itemListElement":[{"@type":"ListItem","position":1,"name":"Portada","item":"https:\/\/www.wallscar.es\/blog\/"},{"@type":"ListItem","position":2,"name":"El top ventas Geely E2 aterriza en nuestro mercado"}]},{"@type":"Article","@id":"https:\/\/www.wallscar.es\/blog\/top-ventas-geely-e2-aterriza-nuestro-mercado\/#article","isPartOf":{"@id":"https:\/\/www.wallscar.es\/blog\/top-ventas-geely-e2-aterriza-nuestro-mercado\/"},"author":{"name":"Ismael","@id":"https:\/\/www.wallscar.es\/blog\/#\/schema\/person\/80e2bb7864431f1aad1933361a6fc018"},"headline":"El top ventas Geely E2 aterriza en nuestro mercado","datePublished":"2026-08-25T09:12:53+00:00","dateModified":"2026-08-25T10:04:59+00:00","mainEntityOfPage":{"@id":"https:\/\/www.wallscar.es\/blog\/top-ventas-geely-e2-aterriza-nuestro-mercado\/"},"wordCount":551,"commentCount":0,"publisher":{"@id":"https:\/\/www.wallscar.es\/blog\/#organization"},"image":{"@id":"https:\/\/www.wallscar.es\/blog\/top-ventas-geely-e2-aterriza-nuestro-mercado\/#primaryimage"},"thumbnailUrl":"https:\/\/www.wallscar.es\/blog\/wp-content\/uploads\/2026\/08\/El-top-ventas-Geely-E2-aterriza-en-nuestro-mercado.png","keywords":["Coches","Coches el\u00e9ctricos","Geely","Geely E2"],"articleSection":["Coches","Coches chinos","Coches el\u00e9ctricos","Geely","Wallscar"],"inLanguage":"es","potentialAction":[{"@type":"CommentAction","name":"Comment","target":["https:\/\/www.wallscar.es\/blog\/top-ventas-geely-e2-aterriza-nuestro-mercado\/#respond"]}]},{"@type":"Person","@id":"https:\/\/www.wallscar.es\/blog\/#\/schema\/person\/80e2bb7864431f1aad1933361a6fc018","name":"Ismael","image":{"@type":"ImageObject","inLanguage":"es","@id":"https:\/\/www.wallscar.es\/blog\/#\/schema\/person\/image\/","url":"https:\/\/secure.gravatar.com\/avatar\/5ea9d14beba9eeb22e359c4141816aca?s=96&d=mm&r=g","contentUrl":"https:\/\/secure.gravatar.com\/avatar\/5ea9d14beba9eeb22e359c4141816aca?s=96&d=mm&r=g","caption":"Ismael"}}]}},"_links":{"self":[{"href":"https:\/\/www.wallscar.es\/blog\/wp-json\/wp\/v2\/posts\/1487"}],"collection":[{"href":"https:\/\/www.wallscar.es\/blog\/wp-json\/wp\/v2\/posts"}],"about":[{"href":"https:\/\/www.wallscar.es\/blog\/wp-json\/wp\/v2\/types\/post"}],"author":[{"embeddable":true,"href":"https:\/\/www.wallscar.es\/blog\/wp-json\/wp\/v2\/users\/2"}],"replies":[{"embeddable":true,"href":"https:\/\/www.wallscar.es\/blog\/wp-json\/wp\/v2\/comments?post=1487"}],"version-history":[{"count":1,"href":"https:\/\/www.wallscar.es\/blog\/wp-json\/wp\/v2\/posts\/1487\/revisions"}],"predecessor-version":[{"id":1488,"href":"https:\/\/www.wallscar.es\/blog\/wp-json\/wp\/v2\/posts\/1487\/revisions\/1488"}],"wp:featuredmedia":[{"embeddable":true,"href":"https:\/\/www.wallscar.es\/blog\/wp-json\/wp\/v2\/media\/1489"}],"wp:attachment":[{"href":"https:\/\/www.wallscar.es\/blog\/wp-json\/wp\/v2\/media?parent=1487"}],"wp:term":[{"taxonomy":"category","embeddable":true,"href":"https:\/\/www.wallscar.es\/blog\/wp-json\/wp\/v2\/categories?post=1487"},{"taxonomy":"post_tag","embeddable":true,"href":"https:\/\/www.wallscar.es\/blog\/wp-json\/wp\/v2\/tags?post=1487"}],"curies":[{"name":"wp","href":"https:\/\/api.w.org\/{rel}","templated":true}]}}