{"id":1418,"date":"2026-04-27T10:17:35","date_gmt":"2026-04-27T08:17:35","guid":{"rendered":"https:\/\/www.wallscar.es\/blog\/?p=1418"},"modified":"2026-04-27T14:56:15","modified_gmt":"2026-04-27T12:56:15","slug":"geely-aterriza-espana-dos-modelos-electrificados","status":"publish","type":"post","link":"https:\/\/www.wallscar.es\/blog\/geely-aterriza-espana-dos-modelos-electrificados\/","title":{"rendered":"Geely aterriza en Espa\u00f1a con dos modelos electrificados"},"content":{"rendered":"<p>Es curioso que una noticia de semejante mimbre no haya tenido una repercusi\u00f3n mayor. <strong>Geely<\/strong> y sus <strong>coches<\/strong> aterrizar\u00e1n en Espa\u00f1a este mismo 2026. La importancia radica en las marcas que integran este grupo automovil\u00edstico, algunas de ellas bastante conocidas, como <strong><a href=\"https:\/\/www.ankaramotor.es\/\">Volvo<\/a>, Polestar o <a href=\"https:\/\/lynkcoalicante.es\/\">Lynk &amp; Co<\/a><\/strong>. Ahora, la propia Geely trae a nuestro pa\u00eds sus <strong>veh\u00edculos<\/strong>. Te ampliamos toda la informaci\u00f3n desde <a href=\"https:\/\/www.wallscar.es\/\"><strong>Wallscar Multimarca<\/strong><\/a>.<\/p>\n<h2>Una presentaci\u00f3n por todo lo alto<\/h2>\n<p>Cuando tu presentaci\u00f3n oficial como marca en Europa tiene lugar en los <strong>estudios de Netflix de Madrid<\/strong>, algo verdaderamente bueno hay detr\u00e1s. Para los que no lo sepan, en este inicio de 2026, Geely se ha consolidado como <strong>l\u00edder de ventas en China<\/strong>, superando a empresas como <strong>BYD<\/strong>. Este conglomerado asi\u00e1tico ha entrado en el <strong>top diez mundial de ventas<\/strong>, convirti\u00e9ndose en la primera marca china que consigue esta haza\u00f1a.<\/p>\n<p>El foco de sus coches est\u00e1 en aspectos como la <strong>tecnolog\u00eda<\/strong>, la <strong>seguridad<\/strong> o la <strong>sostenibilidad<\/strong>. Teniendo en cuenta la mentalidad espa\u00f1ola respecto a la electrificaci\u00f3n, la marca ha decidido empezar su andadura en nuestro pa\u00eds con dos modelos electrificados y perfectos para experimentar con el enchufe. Son dos veh\u00edculos accesibles en cuanto a precio y con unas caracter\u00edsticas envidiables, <strong>Geely E5<\/strong> y <strong>Geely Starray EM-i<\/strong>.<\/p>\n<h3>Geely sorprende en prestaciones<\/h3>\n<p>S\u00ed, el Geely E5 es un <strong>coche el\u00e9ctrico<\/strong>, pero roza los <strong>500 kil\u00f3metros de autonom\u00eda<\/strong>, una cifra importante para no tener que cargar el <strong>veh\u00edculo<\/strong> todos los d\u00edas. Tiene una apariencia de <strong>SUV mediano<\/strong> y desarrolla <strong>218 CV<\/strong> de potencia. <strong>Alcanza el 80% de su bater\u00eda en apenas 20 minutos<\/strong>. Su interior es un espect\u00e1culo, con un toque futurista, gobernado por una pantalla central de 15,4 pulgadas, un equipamiento complet\u00edsimo y un estilo minimalista \u00bfSu precio? Desde unos <strong>37.500\u20ac<\/strong>, sin contar los descuentos del <a href=\"https:\/\/www.wallscar.es\/blog\/asi-estan-ayudas-comprar-coches-electricos-2026\/\"><strong>Plan Auto+<\/strong><\/a>.<\/p>\n<p>Por su parte, el Geely Starray EM-i es un <strong>h\u00edbrido enchufable<\/strong> que va un pasito m\u00e1s all\u00e1 de lo que estamos acostumbrados a ver. Lo normal es encontrarnos autonom\u00edas el\u00e9ctricas de entre 70 y 100 kil\u00f3metros, pero este <strong>coche<\/strong> homologa <strong>136 kil\u00f3metros<\/strong>. Es un SUV en su m\u00e1ximo esplendor, con <strong>4,74 metros de largo<\/strong>. <strong>Llega al 80% de la bater\u00eda en solo 16 minutos<\/strong>. Tambi\u00e9n desarrolla 218 CV. Al igual que en el modelo anterior, el equipamiento que incorpora de serie es impresionante. Los precios parten de los <strong>33.500\u20ac<\/strong>, sin contar subvenciones.<\/p>\n<h4>Espa\u00f1a es una de las grandes apuestas de la marca<\/h4>\n<p>Espa\u00f1a ocupa una posici\u00f3n destacada en la estrategia de <strong>expansi\u00f3n de Geely por Europa<\/strong>. Al final, es un mercado en crecimiento y que cada vez muestra una mayor predisposici\u00f3n a dar el salto a la electrificaci\u00f3n. A pesar de que acaba de entrar en tierras espa\u00f1olas, esta marca china <strong>lleva en la industria del autom\u00f3vil desde 1997<\/strong>. Muchas personas s\u00ed sab\u00edan de la existencia de Geely y ya hab\u00edan preguntado por la llegada a concesionarios de sus veh\u00edculos.<\/p>\n<p>Ojo a esta marca. Las mec\u00e1nicas y los interiores de sus coches son excelentes. Conforme vaya d\u00e1ndose a conocer, es seguro que <strong>incrementar\u00e1n las ventas notablemente<\/strong>. La proyecci\u00f3n y las expectativas son elevadas, habr\u00e1 que ver c\u00f3mo avanzan estos primeros meses de expansi\u00f3n por Espa\u00f1a.<\/p>\n","protected":false},"excerpt":{"rendered":"<p>Es curioso que una noticia de semejante mimbre no haya tenido una repercusi\u00f3n mayor. Geely y sus coches aterrizar\u00e1n en Espa\u00f1a este mismo 2026. La importancia radica en las marcas que integran este grupo automovil\u00edstico, algunas de ellas bastante conocidas, como Volvo, Polestar o Lynk &amp; Co. Ahora, la propia Geely trae a nuestro pa\u00eds [&hellip;]<\/p>\n","protected":false},"author":2,"featured_media":1419,"comment_status":"open","ping_status":"open","sticky":false,"template":"","format":"standard","meta":{"_et_pb_use_builder":"","_et_pb_old_content":"","_et_gb_content_width":""},"categories":[55,92,451,374,1],"tags":[12,125,42,452,453,454,194],"yoast_head":"<!-- This site is optimized with the Yoast SEO plugin v19.3 - https:\/\/yoast.com\/wordpress\/plugins\/seo\/ -->\n<title>Geely aterriza en Espa\u00f1a con dos modelos electrificados<\/title>\n<meta name=\"description\" content=\"El grupo propietario de Volvo y Lynk &amp; Co inicia su expansi\u00f3n por Espa\u00f1a como marca propia. Geely ya est\u00e1 aqu\u00ed.\" \/>\n<meta name=\"robots\" content=\"index, follow, max-snippet:-1, max-image-preview:large, max-video-preview:-1\" \/>\n<link rel=\"canonical\" href=\"https:\/\/www.wallscar.es\/blog\/geely-aterriza-espana-dos-modelos-electrificados\/\" \/>\n<meta property=\"og:locale\" content=\"es_ES\" \/>\n<meta property=\"og:type\" content=\"article\" \/>\n<meta property=\"og:title\" content=\"Geely aterriza en Espa\u00f1a con dos modelos electrificados\" \/>\n<meta property=\"og:description\" content=\"El grupo propietario de Volvo y Lynk &amp; Co inicia su expansi\u00f3n por Espa\u00f1a como marca propia. Geely ya est\u00e1 aqu\u00ed.\" \/>\n<meta property=\"og:url\" content=\"https:\/\/www.wallscar.es\/blog\/geely-aterriza-espana-dos-modelos-electrificados\/\" \/>\n<meta property=\"og:site_name\" content=\"Blog de Wallscar | Descubre todo aqu\u00ed\" \/>\n<meta property=\"article:publisher\" content=\"https:\/\/www.facebook.com\/GrupoParedesAutomocion\/\" \/>\n<meta property=\"article:published_time\" content=\"2026-04-27T08:17:35+00:00\" \/>\n<meta property=\"article:modified_time\" content=\"2026-04-27T12:56:15+00:00\" \/>\n<meta property=\"og:image\" content=\"https:\/\/www.wallscar.es\/blog\/wp-content\/uploads\/2026\/04\/Geely-aterriza-en-Espan\u0303a-con-dos-modelos-electrificados.png\" \/>\n\t<meta property=\"og:image:width\" content=\"1080\" \/>\n\t<meta property=\"og:image:height\" content=\"1080\" \/>\n\t<meta property=\"og:image:type\" content=\"image\/png\" \/>\n<meta name=\"author\" content=\"Ismael\" \/>\n<meta name=\"twitter:card\" content=\"summary_large_image\" \/>\n<meta name=\"twitter:label1\" content=\"Escrito por\" \/>\n\t<meta name=\"twitter:data1\" content=\"Ismael\" \/>\n\t<meta name=\"twitter:label2\" content=\"Tiempo de lectura\" \/>\n\t<meta name=\"twitter:data2\" content=\"3 minutos\" \/>\n<script type=\"application\/ld+json\" class=\"yoast-schema-graph\">{\"@context\":\"https:\/\/schema.org\",\"@graph\":[{\"@type\":\"Organization\",\"@id\":\"https:\/\/www.wallscar.es\/blog\/#organization\",\"name\":\"Wallscar\",\"url\":\"https:\/\/www.wallscar.es\/blog\/\",\"sameAs\":[\"https:\/\/www.instagram.com\/wallscarocasion\",\"https:\/\/es.linkedin.com\/company\/grupo-paredes-automocion\",\"https:\/\/www.facebook.com\/GrupoParedesAutomocion\/\"],\"logo\":{\"@type\":\"ImageObject\",\"inLanguage\":\"es\",\"@id\":\"https:\/\/www.wallscar.es\/blog\/#\/schema\/logo\/image\/\",\"url\":\"https:\/\/www.wallscar.es\/blog\/wp-content\/uploads\/2021\/01\/wallscar_logotipo.jpg\",\"contentUrl\":\"https:\/\/www.wallscar.es\/blog\/wp-content\/uploads\/2021\/01\/wallscar_logotipo.jpg\",\"width\":320,\"height\":89,\"caption\":\"Wallscar\"},\"image\":{\"@id\":\"https:\/\/www.wallscar.es\/blog\/#\/schema\/logo\/image\/\"}},{\"@type\":\"WebSite\",\"@id\":\"https:\/\/www.wallscar.es\/blog\/#website\",\"url\":\"https:\/\/www.wallscar.es\/blog\/\",\"name\":\"Blog de Wallscar | Descubre todo aqu\u00ed\",\"description\":\"Encuentra toda la informaci\u00f3n de noticias, art\u00edculos y novedades del sector en un mismo lugar.\",\"publisher\":{\"@id\":\"https:\/\/www.wallscar.es\/blog\/#organization\"},\"potentialAction\":[{\"@type\":\"SearchAction\",\"target\":{\"@type\":\"EntryPoint\",\"urlTemplate\":\"https:\/\/www.wallscar.es\/blog\/?s={search_term_string}\"},\"query-input\":\"required name=search_term_string\"}],\"inLanguage\":\"es\"},{\"@type\":\"ImageObject\",\"inLanguage\":\"es\",\"@id\":\"https:\/\/www.wallscar.es\/blog\/geely-aterriza-espana-dos-modelos-electrificados\/#primaryimage\",\"url\":\"https:\/\/www.wallscar.es\/blog\/wp-content\/uploads\/2026\/04\/Geely-aterriza-en-Espan\u0303a-con-dos-modelos-electrificados.png\",\"contentUrl\":\"https:\/\/www.wallscar.es\/blog\/wp-content\/uploads\/2026\/04\/Geely-aterriza-en-Espan\u0303a-con-dos-modelos-electrificados.png\",\"width\":1080,\"height\":1080,\"caption\":\"Geely aterriza en Espan\u0303a con dos modelos electrificados\"},{\"@type\":\"WebPage\",\"@id\":\"https:\/\/www.wallscar.es\/blog\/geely-aterriza-espana-dos-modelos-electrificados\/\",\"url\":\"https:\/\/www.wallscar.es\/blog\/geely-aterriza-espana-dos-modelos-electrificados\/\",\"name\":\"Geely aterriza en Espa\u00f1a con dos modelos electrificados\",\"isPartOf\":{\"@id\":\"https:\/\/www.wallscar.es\/blog\/#website\"},\"primaryImageOfPage\":{\"@id\":\"https:\/\/www.wallscar.es\/blog\/geely-aterriza-espana-dos-modelos-electrificados\/#primaryimage\"},\"datePublished\":\"2026-04-27T08:17:35+00:00\",\"dateModified\":\"2026-04-27T12:56:15+00:00\",\"description\":\"El grupo propietario de Volvo y Lynk & Co inicia su expansi\u00f3n por Espa\u00f1a como marca propia. Geely ya est\u00e1 aqu\u00ed.\",\"breadcrumb\":{\"@id\":\"https:\/\/www.wallscar.es\/blog\/geely-aterriza-espana-dos-modelos-electrificados\/#breadcrumb\"},\"inLanguage\":\"es\",\"potentialAction\":[{\"@type\":\"ReadAction\",\"target\":[\"https:\/\/www.wallscar.es\/blog\/geely-aterriza-espana-dos-modelos-electrificados\/\"]}]},{\"@type\":\"BreadcrumbList\",\"@id\":\"https:\/\/www.wallscar.es\/blog\/geely-aterriza-espana-dos-modelos-electrificados\/#breadcrumb\",\"itemListElement\":[{\"@type\":\"ListItem\",\"position\":1,\"name\":\"Portada\",\"item\":\"https:\/\/www.wallscar.es\/blog\/\"},{\"@type\":\"ListItem\",\"position\":2,\"name\":\"Geely aterriza en Espa\u00f1a con dos modelos electrificados\"}]},{\"@type\":\"Article\",\"@id\":\"https:\/\/www.wallscar.es\/blog\/geely-aterriza-espana-dos-modelos-electrificados\/#article\",\"isPartOf\":{\"@id\":\"https:\/\/www.wallscar.es\/blog\/geely-aterriza-espana-dos-modelos-electrificados\/\"},\"author\":{\"name\":\"Ismael\",\"@id\":\"https:\/\/www.wallscar.es\/blog\/#\/schema\/person\/80e2bb7864431f1aad1933361a6fc018\"},\"headline\":\"Geely aterriza en Espa\u00f1a con dos modelos electrificados\",\"datePublished\":\"2026-04-27T08:17:35+00:00\",\"dateModified\":\"2026-04-27T12:56:15+00:00\",\"mainEntityOfPage\":{\"@id\":\"https:\/\/www.wallscar.es\/blog\/geely-aterriza-espana-dos-modelos-electrificados\/\"},\"wordCount\":569,\"commentCount\":0,\"publisher\":{\"@id\":\"https:\/\/www.wallscar.es\/blog\/#organization\"},\"image\":{\"@id\":\"https:\/\/www.wallscar.es\/blog\/geely-aterriza-espana-dos-modelos-electrificados\/#primaryimage\"},\"thumbnailUrl\":\"https:\/\/www.wallscar.es\/blog\/wp-content\/uploads\/2026\/04\/Geely-aterriza-en-Espan\u0303a-con-dos-modelos-electrificados.png\",\"keywords\":[\"Coches\",\"Coches chinos\",\"Coches el\u00e9ctricos\",\"Geely\",\"Geely E5\",\"Geely Starray\",\"H\u00edbridos enchufables\"],\"articleSection\":[\"Coches\",\"Coches el\u00e9ctricos\",\"Geely\",\"H\u00edbridos enchufables\",\"Wallscar\"],\"inLanguage\":\"es\",\"potentialAction\":[{\"@type\":\"CommentAction\",\"name\":\"Comment\",\"target\":[\"https:\/\/www.wallscar.es\/blog\/geely-aterriza-espana-dos-modelos-electrificados\/#respond\"]}]},{\"@type\":\"Person\",\"@id\":\"https:\/\/www.wallscar.es\/blog\/#\/schema\/person\/80e2bb7864431f1aad1933361a6fc018\",\"name\":\"Ismael\",\"image\":{\"@type\":\"ImageObject\",\"inLanguage\":\"es\",\"@id\":\"https:\/\/www.wallscar.es\/blog\/#\/schema\/person\/image\/\",\"url\":\"https:\/\/secure.gravatar.com\/avatar\/5ea9d14beba9eeb22e359c4141816aca?s=96&d=mm&r=g\",\"contentUrl\":\"https:\/\/secure.gravatar.com\/avatar\/5ea9d14beba9eeb22e359c4141816aca?s=96&d=mm&r=g\",\"caption\":\"Ismael\"}}]}<\/script>\n<!-- \/ Yoast SEO plugin. -->","yoast_head_json":{"title":"Geely aterriza en Espa\u00f1a con dos modelos electrificados","description":"El grupo propietario de Volvo y Lynk & Co inicia su expansi\u00f3n por Espa\u00f1a como marca propia. Geely ya est\u00e1 aqu\u00ed.","robots":{"index":"index","follow":"follow","max-snippet":"max-snippet:-1","max-image-preview":"max-image-preview:large","max-video-preview":"max-video-preview:-1"},"canonical":"https:\/\/www.wallscar.es\/blog\/geely-aterriza-espana-dos-modelos-electrificados\/","og_locale":"es_ES","og_type":"article","og_title":"Geely aterriza en Espa\u00f1a con dos modelos electrificados","og_description":"El grupo propietario de Volvo y Lynk & Co inicia su expansi\u00f3n por Espa\u00f1a como marca propia. Geely ya est\u00e1 aqu\u00ed.","og_url":"https:\/\/www.wallscar.es\/blog\/geely-aterriza-espana-dos-modelos-electrificados\/","og_site_name":"Blog de Wallscar | Descubre todo aqu\u00ed","article_publisher":"https:\/\/www.facebook.com\/GrupoParedesAutomocion\/","article_published_time":"2026-04-27T08:17:35+00:00","article_modified_time":"2026-04-27T12:56:15+00:00","og_image":[{"width":1080,"height":1080,"url":"https:\/\/www.wallscar.es\/blog\/wp-content\/uploads\/2026\/04\/Geely-aterriza-en-Espan\u0303a-con-dos-modelos-electrificados.png","type":"image\/png"}],"author":"Ismael","twitter_card":"summary_large_image","twitter_misc":{"Escrito por":"Ismael","Tiempo de lectura":"3 minutos"},"schema":{"@context":"https:\/\/schema.org","@graph":[{"@type":"Organization","@id":"https:\/\/www.wallscar.es\/blog\/#organization","name":"Wallscar","url":"https:\/\/www.wallscar.es\/blog\/","sameAs":["https:\/\/www.instagram.com\/wallscarocasion","https:\/\/es.linkedin.com\/company\/grupo-paredes-automocion","https:\/\/www.facebook.com\/GrupoParedesAutomocion\/"],"logo":{"@type":"ImageObject","inLanguage":"es","@id":"https:\/\/www.wallscar.es\/blog\/#\/schema\/logo\/image\/","url":"https:\/\/www.wallscar.es\/blog\/wp-content\/uploads\/2021\/01\/wallscar_logotipo.jpg","contentUrl":"https:\/\/www.wallscar.es\/blog\/wp-content\/uploads\/2021\/01\/wallscar_logotipo.jpg","width":320,"height":89,"caption":"Wallscar"},"image":{"@id":"https:\/\/www.wallscar.es\/blog\/#\/schema\/logo\/image\/"}},{"@type":"WebSite","@id":"https:\/\/www.wallscar.es\/blog\/#website","url":"https:\/\/www.wallscar.es\/blog\/","name":"Blog de Wallscar | Descubre todo aqu\u00ed","description":"Encuentra toda la informaci\u00f3n de noticias, art\u00edculos y novedades del sector en un mismo lugar.","publisher":{"@id":"https:\/\/www.wallscar.es\/blog\/#organization"},"potentialAction":[{"@type":"SearchAction","target":{"@type":"EntryPoint","urlTemplate":"https:\/\/www.wallscar.es\/blog\/?s={search_term_string}"},"query-input":"required name=search_term_string"}],"inLanguage":"es"},{"@type":"ImageObject","inLanguage":"es","@id":"https:\/\/www.wallscar.es\/blog\/geely-aterriza-espana-dos-modelos-electrificados\/#primaryimage","url":"https:\/\/www.wallscar.es\/blog\/wp-content\/uploads\/2026\/04\/Geely-aterriza-en-Espan\u0303a-con-dos-modelos-electrificados.png","contentUrl":"https:\/\/www.wallscar.es\/blog\/wp-content\/uploads\/2026\/04\/Geely-aterriza-en-Espan\u0303a-con-dos-modelos-electrificados.png","width":1080,"height":1080,"caption":"Geely aterriza en Espan\u0303a con dos modelos electrificados"},{"@type":"WebPage","@id":"https:\/\/www.wallscar.es\/blog\/geely-aterriza-espana-dos-modelos-electrificados\/","url":"https:\/\/www.wallscar.es\/blog\/geely-aterriza-espana-dos-modelos-electrificados\/","name":"Geely aterriza en Espa\u00f1a con dos modelos electrificados","isPartOf":{"@id":"https:\/\/www.wallscar.es\/blog\/#website"},"primaryImageOfPage":{"@id":"https:\/\/www.wallscar.es\/blog\/geely-aterriza-espana-dos-modelos-electrificados\/#primaryimage"},"datePublished":"2026-04-27T08:17:35+00:00","dateModified":"2026-04-27T12:56:15+00:00","description":"El grupo propietario de Volvo y Lynk & Co inicia su expansi\u00f3n por Espa\u00f1a como marca propia. Geely ya est\u00e1 aqu\u00ed.","breadcrumb":{"@id":"https:\/\/www.wallscar.es\/blog\/geely-aterriza-espana-dos-modelos-electrificados\/#breadcrumb"},"inLanguage":"es","potentialAction":[{"@type":"ReadAction","target":["https:\/\/www.wallscar.es\/blog\/geely-aterriza-espana-dos-modelos-electrificados\/"]}]},{"@type":"BreadcrumbList","@id":"https:\/\/www.wallscar.es\/blog\/geely-aterriza-espana-dos-modelos-electrificados\/#breadcrumb","itemListElement":[{"@type":"ListItem","position":1,"name":"Portada","item":"https:\/\/www.wallscar.es\/blog\/"},{"@type":"ListItem","position":2,"name":"Geely aterriza en Espa\u00f1a con dos modelos electrificados"}]},{"@type":"Article","@id":"https:\/\/www.wallscar.es\/blog\/geely-aterriza-espana-dos-modelos-electrificados\/#article","isPartOf":{"@id":"https:\/\/www.wallscar.es\/blog\/geely-aterriza-espana-dos-modelos-electrificados\/"},"author":{"name":"Ismael","@id":"https:\/\/www.wallscar.es\/blog\/#\/schema\/person\/80e2bb7864431f1aad1933361a6fc018"},"headline":"Geely aterriza en Espa\u00f1a con dos modelos electrificados","datePublished":"2026-04-27T08:17:35+00:00","dateModified":"2026-04-27T12:56:15+00:00","mainEntityOfPage":{"@id":"https:\/\/www.wallscar.es\/blog\/geely-aterriza-espana-dos-modelos-electrificados\/"},"wordCount":569,"commentCount":0,"publisher":{"@id":"https:\/\/www.wallscar.es\/blog\/#organization"},"image":{"@id":"https:\/\/www.wallscar.es\/blog\/geely-aterriza-espana-dos-modelos-electrificados\/#primaryimage"},"thumbnailUrl":"https:\/\/www.wallscar.es\/blog\/wp-content\/uploads\/2026\/04\/Geely-aterriza-en-Espan\u0303a-con-dos-modelos-electrificados.png","keywords":["Coches","Coches chinos","Coches el\u00e9ctricos","Geely","Geely E5","Geely Starray","H\u00edbridos enchufables"],"articleSection":["Coches","Coches el\u00e9ctricos","Geely","H\u00edbridos enchufables","Wallscar"],"inLanguage":"es","potentialAction":[{"@type":"CommentAction","name":"Comment","target":["https:\/\/www.wallscar.es\/blog\/geely-aterriza-espana-dos-modelos-electrificados\/#respond"]}]},{"@type":"Person","@id":"https:\/\/www.wallscar.es\/blog\/#\/schema\/person\/80e2bb7864431f1aad1933361a6fc018","name":"Ismael","image":{"@type":"ImageObject","inLanguage":"es","@id":"https:\/\/www.wallscar.es\/blog\/#\/schema\/person\/image\/","url":"https:\/\/secure.gravatar.com\/avatar\/5ea9d14beba9eeb22e359c4141816aca?s=96&d=mm&r=g","contentUrl":"https:\/\/secure.gravatar.com\/avatar\/5ea9d14beba9eeb22e359c4141816aca?s=96&d=mm&r=g","caption":"Ismael"}}]}},"_links":{"self":[{"href":"https:\/\/www.wallscar.es\/blog\/wp-json\/wp\/v2\/posts\/1418"}],"collection":[{"href":"https:\/\/www.wallscar.es\/blog\/wp-json\/wp\/v2\/posts"}],"about":[{"href":"https:\/\/www.wallscar.es\/blog\/wp-json\/wp\/v2\/types\/post"}],"author":[{"embeddable":true,"href":"https:\/\/www.wallscar.es\/blog\/wp-json\/wp\/v2\/users\/2"}],"replies":[{"embeddable":true,"href":"https:\/\/www.wallscar.es\/blog\/wp-json\/wp\/v2\/comments?post=1418"}],"version-history":[{"count":3,"href":"https:\/\/www.wallscar.es\/blog\/wp-json\/wp\/v2\/posts\/1418\/revisions"}],"predecessor-version":[{"id":1422,"href":"https:\/\/www.wallscar.es\/blog\/wp-json\/wp\/v2\/posts\/1418\/revisions\/1422"}],"wp:featuredmedia":[{"embeddable":true,"href":"https:\/\/www.wallscar.es\/blog\/wp-json\/wp\/v2\/media\/1419"}],"wp:attachment":[{"href":"https:\/\/www.wallscar.es\/blog\/wp-json\/wp\/v2\/media?parent=1418"}],"wp:term":[{"taxonomy":"category","embeddable":true,"href":"https:\/\/www.wallscar.es\/blog\/wp-json\/wp\/v2\/categories?post=1418"},{"taxonomy":"post_tag","embeddable":true,"href":"https:\/\/www.wallscar.es\/blog\/wp-json\/wp\/v2\/tags?post=1418"}],"curies":[{"name":"wp","href":"https:\/\/api.w.org\/{rel}","templated":true}]}}